{"id":358,"date":"2013-03-06T20:04:49","date_gmt":"2013-03-06T18:04:49","guid":{"rendered":"http:\/\/www.mvgoeggingen.com\/?p=358"},"modified":"2013-03-06T20:04:49","modified_gmt":"2013-03-06T18:04:49","slug":"generalversammlung-2013","status":"publish","type":"post","link":"http:\/\/www.mvgoeggingen.com\/?p=358","title":{"rendered":"Generalversammlung 2013"},"content":{"rendered":"<p>Pressebericht &#8211; S\u00fcdkurier &#8211; Generalversammlung 2013<br \/>\nF\u00fcr jahrzehntelanges Engagement erhielt Doris Dufner eine besondere Auszeichnung, drei weitere Musiker wurden mit der bronzenen Ehrennadel geehrt.<br \/>\nDoris Dufner ist bei der Hauptversammlung des Musikvereins G\u00f6ggingen in die Riege der Ehrenmitglieder aufgenommen worden. Heidi Fischer, die Vorsitzende des Vereins, nahm diese verdiente Auszeichnung der \u201eMusikvereins-Mama\u201c vor. \u201eDie Ernennung von Ehrenmitgliedern ist eine unangenehme Aufgabe, wei\u00df man doch, dass man dadurch verdiente aktive Mitglieder verliert\u201c, sagte Fischer.<br \/>\nDoris Dufner war viele Jahre als Kleiderwartin t\u00e4tig und war sich auch f\u00fcr jede andere Art von Arbeit nicht zu schade. Der Bezirksvorsitzende im Kreisverband des Blasmusikverbandes Baden-W\u00fcrttemberg, Josef Kugler, \u00fcbernahm die Aufgabe, drei Musiker f\u00fcr zehnj\u00e4hrige Mitgliedschaft auszuzeichnen. \u201eEhrungen sind ein wichtiger Aspekt, denn Menschen, die sich aktiv im Musikverein einbringen, ihre freie Zeit dazu investieren und ihr Herz an eine Sache \u2013 die Blasmusik \u2013 h\u00e4ngen, haben es verdient, geehrt und ausgezeichnet zu werden\u201c, sagte er. Die Ehrennadel in Bronze erhielten Adelinde Beck (Klarinette), Christine Seifried (Querfl\u00f6te) und Daniel St\u00e4rk (Posaune).<br \/>\nSabrina Beck hatte das abgelaufene Vereinsjahr akribisch dokumentiert. Bei vielen Mitgliedern kamen ungute Erinnerungen hoch, als sie auf das Open-Air-Konzert im Juli zu sprechen kam. Die ganze Zeit heftiger Sturm, der dem Aufbauteam schwer zu schaffen machte. Dirigent J\u00fcrgen St\u00e4rk fand in seinem Bericht lobende, aber auch kritische Worte. Die Vorbereitungen f\u00fcr das Open-Air-Konzert waren umfangreich. \u201eSo ging&#8217;s also recht schleppend los mit der Probenarbeit \u2013 und man h\u00e4tte sicherlich noch viel mehr herausholen k\u00f6nnen. Aber irgendwann resigniert man auch als Dirigent und denkt: Also gut, dann machen wir das Beste draus. Und das ist uns im Endeffekt dann auch gelungen\u201c, meinte St\u00e4rk.<br \/>\nGro\u00dfes Lob zollte Dirigent St\u00e4rk dem allgemeinen Zusammenhalt. Alle legen Hand an und zogen mit, um den Kraftakt des Aufbaus f\u00fcr das Konzert zu bewerkstelligen. Das Feedback, das er nach dem Konzert bekam, war durchweg positiv. Den Probenbesuch beschrieb J\u00fcrgen St\u00e4rk als allgemein recht gut. Im n\u00e4chsten Jahr wird es eine neue Verkleidung geben. Nachwuchssorgen hat der Musikverein nicht, trotzdem wird der Tisch der Ehrenmitglieder immer l\u00e4nger. Derzeit sind 20 Jungmusiker unter 17 Jahre an Bord.<br \/>\nQuelle: S\u00fcdkurier &#8211; Rainer Ohmacht<\/p>\n","protected":false},"excerpt":{"rendered":"<p>Pressebericht &#8211; S\u00fcdkurier &#8211; Generalversammlung 2013 F\u00fcr jahrzehntelanges Engagement erhielt Doris Dufner eine besondere Auszeichnung, drei weitere Musiker wurden mit der bronzenen Ehrennadel geehrt. Doris&#8230;<\/p>\n","protected":false},"author":1,"featured_media":0,"comment_status":"closed","ping_status":"closed","sticky":false,"template":"","format":"standard","meta":{"ngg_post_thumbnail":0},"categories":[1],"tags":[],"_links":{"self":[{"href":"http:\/\/www.mvgoeggingen.com\/index.php?rest_route=\/wp\/v2\/posts\/358"}],"collection":[{"href":"http:\/\/www.mvgoeggingen.com\/index.php?rest_route=\/wp\/v2\/posts"}],"about":[{"href":"http:\/\/www.mvgoeggingen.com\/index.php?rest_route=\/wp\/v2\/types\/post"}],"author":[{"embeddable":true,"href":"http:\/\/www.mvgoeggingen.com\/index.php?rest_route=\/wp\/v2\/users\/1"}],"replies":[{"embeddable":true,"href":"http:\/\/www.mvgoeggingen.com\/index.php?rest_route=%2Fwp%2Fv2%2Fcomments&post=358"}],"version-history":[{"count":3,"href":"http:\/\/www.mvgoeggingen.com\/index.php?rest_route=\/wp\/v2\/posts\/358\/revisions"}],"predecessor-version":[{"id":361,"href":"http:\/\/www.mvgoeggingen.com\/index.php?rest_route=\/wp\/v2\/posts\/358\/revisions\/361"}],"wp:attachment":[{"href":"http:\/\/www.mvgoeggingen.com\/index.php?rest_route=%2Fwp%2Fv2%2Fmedia&parent=358"}],"wp:term":[{"taxonomy":"category","embeddable":true,"href":"http:\/\/www.mvgoeggingen.com\/index.php?rest_route=%2Fwp%2Fv2%2Fcategories&post=358"},{"taxonomy":"post_tag","embeddable":true,"href":"http:\/\/www.mvgoeggingen.com\/index.php?rest_route=%2Fwp%2Fv2%2Ftags&post=358"}],"curies":[{"name":"wp","href":"https:\/\/api.w.org\/{rel}","templated":true}]}}